{"id":319,"date":"2024-09-27T14:36:54","date_gmt":"2024-09-27T12:36:54","guid":{"rendered":"https:\/\/lesjardinsduclaray.fr\/?p=319"},"modified":"2025-01-24T14:40:34","modified_gmt":"2025-01-24T13:40:34","slug":"on-parle-de-nous-dans-la-presse-locale","status":"publish","type":"post","link":"https:\/\/lesjardinsduclaray.fr\/?p=319","title":{"rendered":"On parle de nous dans la presse locale !"},"content":{"rendered":"\n<div class=\"wp-block-group has-cyan-bluish-gray-color has-text-color has-link-color wp-elements-609be29f4fe9e0829cd858ae93e613c3\"><div class=\"wp-block-group__inner-container is-layout-constrained wp-block-group-is-layout-constrained\">\n<figure class=\"wp-block-pullquote has-text-align-center has-black-color has-text-color has-link-color has-medium-font-size wp-elements-bc13297de1dc7d7850c820783d19cc95\"><blockquote><p><em>Il existait bien d\u00e9j\u00e0 un petit march\u00e9 de l\u00e9gumes bio, au Claray, mais il vient de s\u2019\u00e9toffer, afin d\u2019offrir une palette \u00e9largie de produits compl\u00e9mentaires, toujours dans la gamme bio.\u00a0<q>\u00a0\u00ab\u00a0<\/q><strong><q>Nous avons plus que doubl\u00e9 notre surface de vente pour atteindre 30\u00a0m<sup>2<\/sup><\/q> \u00ab\u00a0, <\/strong>d\u00e9clare Pierre Chobeau, producteur de l\u00e9gumes.<strong>\u00a0\u00ab\u00a0<\/strong><q><strong>Nous pouvons ainsi mieux exposer nos produits et mieux recevoir les clients.\u00a0\u00bb\u00a0<\/strong><\/q><\/em><\/p><\/blockquote><\/figure>\n<\/div><\/div>\n\n\n\n<p><a href=\"https:\/\/www.ouest-france.fr\/pays-de-la-loire\/le-loroux-bottereau-44430\/le-petit-marche-bio-sagrandit-avec-une-gamme-de-pains-375bea9b-1d4c-4b3c-916a-14e78264e5c3?fbclid=IwY2xjawIAcvZleHRuA2FlbQIxMQABHTTe7bwC-VOnkxJQRTuhelwfcFWYJEWyZ8DIVDuM1rYOtl8prFHotxF-XQ_aem_aPCXtB6Hx_vvSn1uLHUDEA\">https:\/\/www.ouest-france.fr\/pays-de-la-loire\/le-loroux-bottereau-44430\/le-petit-marche-bio-sagrandit-avec-une-gamme-de-pains-375bea9b-1d4c-4b3c-916a-14e78264e5c3?fbclid=IwY2xjawIAcvZleHRuA2FlbQIxMQABHTTe7bwC-VOnkxJQRTuhelwfcFWYJEWyZ8DIVDuM1rYOtl8prFHotxF-XQ_aem_aPCXtB6Hx_vvSn1uLHUDEA<\/a><\/p>\n","protected":false},"excerpt":{"rendered":"<p>Il existait bien d\u00e9j\u00e0 un petit march\u00e9 de l\u00e9gumes bio, au Claray, mais il vient de s\u2019\u00e9toffer, afin d\u2019offrir une palette \u00e9largie de produits compl\u00e9mentaires, toujours dans la gamme bio.\u00a0\u00a0\u00ab\u00a0Nous avons plus que doubl\u00e9 notre surface de vente pour atteindre 30\u00a0m2 \u00ab\u00a0, d\u00e9clare Pierre Chobeau, producteur de l\u00e9gumes.\u00a0\u00ab\u00a0Nous pouvons ainsi mieux exposer nos produits et &hellip; <\/p>\n<p class=\"link-more\"><a href=\"https:\/\/lesjardinsduclaray.fr\/?p=319\" class=\"more-link\">Lire la suite de<span class=\"screen-reader-text\">\u00ab\u00a0On parle de nous dans la presse locale !\u00a0\u00bb<\/span><\/a><\/p>\n","protected":false},"author":1,"featured_media":322,"comment_status":"closed","ping_status":"open","sticky":true,"template":"","format":"standard","meta":{"_themeisle_gutenberg_block_has_review":false,"footnotes":""},"categories":[17],"tags":[21,22,20],"class_list":["post-319","post","type-post","status-publish","format-standard","has-post-thumbnail","hentry","category-ilsparlentdenous","tag-marche","tag-mercredi","tag-vente"],"yoast_head":"<!-- This site is optimized with the Yoast SEO plugin v24.9 - https:\/\/yoast.com\/wordpress\/plugins\/seo\/ -->\n<title>On parle de nous dans la presse locale ! - Les Jardins du Claray<\/title>\n<meta name=\"robots\" content=\"index, follow, max-snippet:-1, max-image-preview:large, max-video-preview:-1\" \/>\n<link rel=\"canonical\" href=\"https:\/\/lesjardinsduclaray.fr\/?p=319\" \/>\n<meta property=\"og:locale\" content=\"fr_FR\" \/>\n<meta property=\"og:type\" content=\"article\" \/>\n<meta property=\"og:title\" content=\"On parle de nous dans la presse locale ! - Les Jardins du Claray\" \/>\n<meta property=\"og:description\" content=\"Il existait bien d\u00e9j\u00e0 un petit march\u00e9 de l\u00e9gumes bio, au Claray, mais il vient de s\u2019\u00e9toffer, afin d\u2019offrir une palette \u00e9largie de produits compl\u00e9mentaires, toujours dans la gamme bio.\u00a0\u00a0\u00ab\u00a0Nous avons plus que doubl\u00e9 notre surface de vente pour atteindre 30\u00a0m2 \u00ab\u00a0, d\u00e9clare Pierre Chobeau, producteur de l\u00e9gumes.\u00a0\u00ab\u00a0Nous pouvons ainsi mieux exposer nos produits et &hellip; Lire la suite de\u00ab\u00a0On parle de nous dans la presse locale !\u00a0\u00bb\" \/>\n<meta property=\"og:url\" content=\"https:\/\/lesjardinsduclaray.fr\/?p=319\" \/>\n<meta property=\"og:site_name\" content=\"Les Jardins du Claray\" \/>\n<meta property=\"article:published_time\" content=\"2024-09-27T12:36:54+00:00\" \/>\n<meta property=\"article:modified_time\" content=\"2025-01-24T13:40:34+00:00\" \/>\n<meta property=\"og:image\" content=\"https:\/\/lesjardinsduclaray.fr\/wp-content\/uploads\/2025\/01\/Capture-decran-2025-01-24-143131.jpg\" \/>\n\t<meta property=\"og:image:width\" content=\"762\" \/>\n\t<meta property=\"og:image:height\" content=\"427\" \/>\n\t<meta property=\"og:image:type\" content=\"image\/jpeg\" \/>\n<meta name=\"author\" content=\"admin5833\" \/>\n<meta name=\"twitter:card\" content=\"summary_large_image\" \/>\n<meta name=\"twitter:label1\" content=\"\u00c9crit par\" \/>\n\t<meta name=\"twitter:data1\" content=\"admin5833\" \/>\n\t<meta name=\"twitter:label2\" content=\"Dur\u00e9e de lecture estim\u00e9e\" \/>\n\t<meta name=\"twitter:data2\" content=\"1 minute\" \/>\n<script type=\"application\/ld+json\" class=\"yoast-schema-graph\">{\"@context\":\"https:\/\/schema.org\",\"@graph\":[{\"@type\":\"WebPage\",\"@id\":\"https:\/\/lesjardinsduclaray.fr\/?p=319\",\"url\":\"https:\/\/lesjardinsduclaray.fr\/?p=319\",\"name\":\"On parle de nous dans la presse locale ! - Les Jardins du Claray\",\"isPartOf\":{\"@id\":\"https:\/\/lesjardinsduclaray.fr\/#website\"},\"primaryImageOfPage\":{\"@id\":\"https:\/\/lesjardinsduclaray.fr\/?p=319#primaryimage\"},\"image\":{\"@id\":\"https:\/\/lesjardinsduclaray.fr\/?p=319#primaryimage\"},\"thumbnailUrl\":\"https:\/\/lesjardinsduclaray.fr\/wp-content\/uploads\/2025\/01\/Capture-decran-2025-01-24-143131.jpg\",\"datePublished\":\"2024-09-27T12:36:54+00:00\",\"dateModified\":\"2025-01-24T13:40:34+00:00\",\"author\":{\"@id\":\"https:\/\/lesjardinsduclaray.fr\/#\/schema\/person\/929271e38573069efd976b5d1f7d2173\"},\"breadcrumb\":{\"@id\":\"https:\/\/lesjardinsduclaray.fr\/?p=319#breadcrumb\"},\"inLanguage\":\"fr-FR\",\"potentialAction\":[{\"@type\":\"ReadAction\",\"target\":[\"https:\/\/lesjardinsduclaray.fr\/?p=319\"]}]},{\"@type\":\"ImageObject\",\"inLanguage\":\"fr-FR\",\"@id\":\"https:\/\/lesjardinsduclaray.fr\/?p=319#primaryimage\",\"url\":\"https:\/\/lesjardinsduclaray.fr\/wp-content\/uploads\/2025\/01\/Capture-decran-2025-01-24-143131.jpg\",\"contentUrl\":\"https:\/\/lesjardinsduclaray.fr\/wp-content\/uploads\/2025\/01\/Capture-decran-2025-01-24-143131.jpg\",\"width\":762,\"height\":427},{\"@type\":\"BreadcrumbList\",\"@id\":\"https:\/\/lesjardinsduclaray.fr\/?p=319#breadcrumb\",\"itemListElement\":[{\"@type\":\"ListItem\",\"position\":1,\"name\":\"Home\",\"item\":\"https:\/\/lesjardinsduclaray.fr\/\"},{\"@type\":\"ListItem\",\"position\":2,\"name\":\"On parle de nous dans la presse locale !\"}]},{\"@type\":\"WebSite\",\"@id\":\"https:\/\/lesjardinsduclaray.fr\/#website\",\"url\":\"https:\/\/lesjardinsduclaray.fr\/\",\"name\":\"Les Jardins du Claray\",\"description\":\"Ferme mara\u00eech\u00e8re Bio au Loroux-Bottereau\",\"potentialAction\":[{\"@type\":\"SearchAction\",\"target\":{\"@type\":\"EntryPoint\",\"urlTemplate\":\"https:\/\/lesjardinsduclaray.fr\/?s={search_term_string}\"},\"query-input\":{\"@type\":\"PropertyValueSpecification\",\"valueRequired\":true,\"valueName\":\"search_term_string\"}}],\"inLanguage\":\"fr-FR\"},{\"@type\":\"Person\",\"@id\":\"https:\/\/lesjardinsduclaray.fr\/#\/schema\/person\/929271e38573069efd976b5d1f7d2173\",\"name\":\"admin5833\",\"image\":{\"@type\":\"ImageObject\",\"inLanguage\":\"fr-FR\",\"@id\":\"https:\/\/lesjardinsduclaray.fr\/#\/schema\/person\/image\/\",\"url\":\"https:\/\/secure.gravatar.com\/avatar\/9d46b1ac2e6ab1d1aad7605479ba4ea0574f3b699fef1b4c8882a1d29a515103?s=96&d=mm&r=g\",\"contentUrl\":\"https:\/\/secure.gravatar.com\/avatar\/9d46b1ac2e6ab1d1aad7605479ba4ea0574f3b699fef1b4c8882a1d29a515103?s=96&d=mm&r=g\",\"caption\":\"admin5833\"},\"sameAs\":[\"http:\/\/lesjardinsduclaray.fr\"],\"url\":\"https:\/\/lesjardinsduclaray.fr\/?author=1\"}]}<\/script>\n<!-- \/ Yoast SEO plugin. -->","yoast_head_json":{"title":"On parle de nous dans la presse locale ! - Les Jardins du Claray","robots":{"index":"index","follow":"follow","max-snippet":"max-snippet:-1","max-image-preview":"max-image-preview:large","max-video-preview":"max-video-preview:-1"},"canonical":"https:\/\/lesjardinsduclaray.fr\/?p=319","og_locale":"fr_FR","og_type":"article","og_title":"On parle de nous dans la presse locale ! - Les Jardins du Claray","og_description":"Il existait bien d\u00e9j\u00e0 un petit march\u00e9 de l\u00e9gumes bio, au Claray, mais il vient de s\u2019\u00e9toffer, afin d\u2019offrir une palette \u00e9largie de produits compl\u00e9mentaires, toujours dans la gamme bio.\u00a0\u00a0\u00ab\u00a0Nous avons plus que doubl\u00e9 notre surface de vente pour atteindre 30\u00a0m2 \u00ab\u00a0, d\u00e9clare Pierre Chobeau, producteur de l\u00e9gumes.\u00a0\u00ab\u00a0Nous pouvons ainsi mieux exposer nos produits et &hellip; Lire la suite de\u00ab\u00a0On parle de nous dans la presse locale !\u00a0\u00bb","og_url":"https:\/\/lesjardinsduclaray.fr\/?p=319","og_site_name":"Les Jardins du Claray","article_published_time":"2024-09-27T12:36:54+00:00","article_modified_time":"2025-01-24T13:40:34+00:00","og_image":[{"width":762,"height":427,"url":"https:\/\/lesjardinsduclaray.fr\/wp-content\/uploads\/2025\/01\/Capture-decran-2025-01-24-143131.jpg","type":"image\/jpeg"}],"author":"admin5833","twitter_card":"summary_large_image","twitter_misc":{"\u00c9crit par":"admin5833","Dur\u00e9e de lecture estim\u00e9e":"1 minute"},"schema":{"@context":"https:\/\/schema.org","@graph":[{"@type":"WebPage","@id":"https:\/\/lesjardinsduclaray.fr\/?p=319","url":"https:\/\/lesjardinsduclaray.fr\/?p=319","name":"On parle de nous dans la presse locale ! - Les Jardins du Claray","isPartOf":{"@id":"https:\/\/lesjardinsduclaray.fr\/#website"},"primaryImageOfPage":{"@id":"https:\/\/lesjardinsduclaray.fr\/?p=319#primaryimage"},"image":{"@id":"https:\/\/lesjardinsduclaray.fr\/?p=319#primaryimage"},"thumbnailUrl":"https:\/\/lesjardinsduclaray.fr\/wp-content\/uploads\/2025\/01\/Capture-decran-2025-01-24-143131.jpg","datePublished":"2024-09-27T12:36:54+00:00","dateModified":"2025-01-24T13:40:34+00:00","author":{"@id":"https:\/\/lesjardinsduclaray.fr\/#\/schema\/person\/929271e38573069efd976b5d1f7d2173"},"breadcrumb":{"@id":"https:\/\/lesjardinsduclaray.fr\/?p=319#breadcrumb"},"inLanguage":"fr-FR","potentialAction":[{"@type":"ReadAction","target":["https:\/\/lesjardinsduclaray.fr\/?p=319"]}]},{"@type":"ImageObject","inLanguage":"fr-FR","@id":"https:\/\/lesjardinsduclaray.fr\/?p=319#primaryimage","url":"https:\/\/lesjardinsduclaray.fr\/wp-content\/uploads\/2025\/01\/Capture-decran-2025-01-24-143131.jpg","contentUrl":"https:\/\/lesjardinsduclaray.fr\/wp-content\/uploads\/2025\/01\/Capture-decran-2025-01-24-143131.jpg","width":762,"height":427},{"@type":"BreadcrumbList","@id":"https:\/\/lesjardinsduclaray.fr\/?p=319#breadcrumb","itemListElement":[{"@type":"ListItem","position":1,"name":"Home","item":"https:\/\/lesjardinsduclaray.fr\/"},{"@type":"ListItem","position":2,"name":"On parle de nous dans la presse locale !"}]},{"@type":"WebSite","@id":"https:\/\/lesjardinsduclaray.fr\/#website","url":"https:\/\/lesjardinsduclaray.fr\/","name":"Les Jardins du Claray","description":"Ferme mara\u00eech\u00e8re Bio au Loroux-Bottereau","potentialAction":[{"@type":"SearchAction","target":{"@type":"EntryPoint","urlTemplate":"https:\/\/lesjardinsduclaray.fr\/?s={search_term_string}"},"query-input":{"@type":"PropertyValueSpecification","valueRequired":true,"valueName":"search_term_string"}}],"inLanguage":"fr-FR"},{"@type":"Person","@id":"https:\/\/lesjardinsduclaray.fr\/#\/schema\/person\/929271e38573069efd976b5d1f7d2173","name":"admin5833","image":{"@type":"ImageObject","inLanguage":"fr-FR","@id":"https:\/\/lesjardinsduclaray.fr\/#\/schema\/person\/image\/","url":"https:\/\/secure.gravatar.com\/avatar\/9d46b1ac2e6ab1d1aad7605479ba4ea0574f3b699fef1b4c8882a1d29a515103?s=96&d=mm&r=g","contentUrl":"https:\/\/secure.gravatar.com\/avatar\/9d46b1ac2e6ab1d1aad7605479ba4ea0574f3b699fef1b4c8882a1d29a515103?s=96&d=mm&r=g","caption":"admin5833"},"sameAs":["http:\/\/lesjardinsduclaray.fr"],"url":"https:\/\/lesjardinsduclaray.fr\/?author=1"}]}},"_links":{"self":[{"href":"https:\/\/lesjardinsduclaray.fr\/index.php?rest_route=\/wp\/v2\/posts\/319","targetHints":{"allow":["GET"]}}],"collection":[{"href":"https:\/\/lesjardinsduclaray.fr\/index.php?rest_route=\/wp\/v2\/posts"}],"about":[{"href":"https:\/\/lesjardinsduclaray.fr\/index.php?rest_route=\/wp\/v2\/types\/post"}],"author":[{"embeddable":true,"href":"https:\/\/lesjardinsduclaray.fr\/index.php?rest_route=\/wp\/v2\/users\/1"}],"replies":[{"embeddable":true,"href":"https:\/\/lesjardinsduclaray.fr\/index.php?rest_route=%2Fwp%2Fv2%2Fcomments&post=319"}],"version-history":[{"count":2,"href":"https:\/\/lesjardinsduclaray.fr\/index.php?rest_route=\/wp\/v2\/posts\/319\/revisions"}],"predecessor-version":[{"id":321,"href":"https:\/\/lesjardinsduclaray.fr\/index.php?rest_route=\/wp\/v2\/posts\/319\/revisions\/321"}],"wp:featuredmedia":[{"embeddable":true,"href":"https:\/\/lesjardinsduclaray.fr\/index.php?rest_route=\/wp\/v2\/media\/322"}],"wp:attachment":[{"href":"https:\/\/lesjardinsduclaray.fr\/index.php?rest_route=%2Fwp%2Fv2%2Fmedia&parent=319"}],"wp:term":[{"taxonomy":"category","embeddable":true,"href":"https:\/\/lesjardinsduclaray.fr\/index.php?rest_route=%2Fwp%2Fv2%2Fcategories&post=319"},{"taxonomy":"post_tag","embeddable":true,"href":"https:\/\/lesjardinsduclaray.fr\/index.php?rest_route=%2Fwp%2Fv2%2Ftags&post=319"}],"curies":[{"name":"wp","href":"https:\/\/api.w.org\/{rel}","templated":true}]}}