{"id":100,"date":"2021-04-05T22:33:21","date_gmt":"2021-04-05T20:33:21","guid":{"rendered":"http:\/\/lesjardinsduclaray.fr\/?p=100"},"modified":"2021-04-05T22:34:04","modified_gmt":"2021-04-05T20:34:04","slug":"au-loroux-bottereau-la-commune-va-recruter-un-agriculteur-pour-sa-ferme-bio","status":"publish","type":"post","link":"https:\/\/lesjardinsduclaray.fr\/?p=100","title":{"rendered":"Au Loroux-Bottereau, la commune va recruter un agriculteur pour sa ferme bio &#8211; actu.fr"},"content":{"rendered":"\n<blockquote class=\"wp-block-quote is-layout-flow wp-block-quote-is-layout-flow\"><p>Trois parcelles de vigne achet\u00e9es. Afin de compl\u00e9ter cette surface destin\u00e9e \u00e0 favoriser une activit\u00e9 l\u00e9gumi\u00e8re de proximit\u00e9 sous la certification bio, le conseil municipal vient de d\u00e9cider d\u2019acqu\u00e9rir un ensemble de trois parcelles limitrophes plant\u00e9es en vigne, appartenant \u00e0 trois propri\u00e9taires diff\u00e9rents, pour une surface de 4,5 ha moyennant le prix de 0,80 \u20ac\/m\u00b2. Les parcelles seront acquises apr\u00e8s arrachage des vignes \u00e0 la charge de l\u2019exploitant. Des discussions sont \u00e9galement en cours avec le propri\u00e9taire de plusieurs parcelles alentour, afin d\u2019obtenir une unit\u00e9 fonci\u00e8re coh\u00e9rente en termes d\u2019exploitation. Ce qui donne la possibilit\u00e9 de mettre en place des haies bocag\u00e8res participant \u00e0 la biodiversit\u00e9 et faisant \u00e9cran avec les exploitations voisines en conventionnel.<\/p><\/blockquote>\n\n\n\n<p><a href=\"https:\/\/actu.fr\/pays-de-la-loire\/le-loroux-bottereau_44084\/au-loroux-bottereau-la-commune-va-recruter-un-agriculteur-pour-sa-ferme-bio_34444838.html\">https:\/\/actu.fr\/pays-de-la-loire\/le-loroux-bottereau_44084\/au-loroux-bottereau-la-commune-va-recruter-un-agriculteur-pour-sa-ferme-bio_34444838.html<\/a><\/p>\n","protected":false},"excerpt":{"rendered":"<p>Trois parcelles de vigne achet\u00e9es. Afin de compl\u00e9ter cette surface destin\u00e9e \u00e0 favoriser une activit\u00e9 l\u00e9gumi\u00e8re de proximit\u00e9 sous la certification bio, le conseil municipal vient de d\u00e9cider d\u2019acqu\u00e9rir un ensemble de trois parcelles limitrophes plant\u00e9es en vigne, appartenant \u00e0 trois propri\u00e9taires diff\u00e9rents, pour une surface de 4,5 ha moyennant le prix de 0,80 \u20ac\/m\u00b2. &hellip; <\/p>\n<p class=\"link-more\"><a href=\"https:\/\/lesjardinsduclaray.fr\/?p=100\" class=\"more-link\">Lire la suite de<span class=\"screen-reader-text\">\u00ab\u00a0Au Loroux-Bottereau, la commune va recruter un agriculteur pour sa ferme bio &#8211; actu.fr\u00a0\u00bb<\/span><\/a><\/p>\n","protected":false},"author":1,"featured_media":101,"comment_status":"open","ping_status":"open","sticky":false,"template":"","format":"standard","meta":{"_themeisle_gutenberg_block_has_review":false,"footnotes":""},"categories":[17],"tags":[],"class_list":["post-100","post","type-post","status-publish","format-standard","has-post-thumbnail","hentry","category-ilsparlentdenous"],"yoast_head":"<!-- This site is optimized with the Yoast SEO plugin v24.9 - https:\/\/yoast.com\/wordpress\/plugins\/seo\/ -->\n<title>Au Loroux-Bottereau, la commune va recruter un agriculteur pour sa ferme bio - actu.fr - Les Jardins du Claray<\/title>\n<meta name=\"robots\" content=\"index, follow, max-snippet:-1, max-image-preview:large, max-video-preview:-1\" \/>\n<link rel=\"canonical\" href=\"https:\/\/lesjardinsduclaray.fr\/?p=100\" \/>\n<meta property=\"og:locale\" content=\"fr_FR\" \/>\n<meta property=\"og:type\" content=\"article\" \/>\n<meta property=\"og:title\" content=\"Au Loroux-Bottereau, la commune va recruter un agriculteur pour sa ferme bio - actu.fr - Les Jardins du Claray\" \/>\n<meta property=\"og:description\" content=\"Trois parcelles de vigne achet\u00e9es. Afin de compl\u00e9ter cette surface destin\u00e9e \u00e0 favoriser une activit\u00e9 l\u00e9gumi\u00e8re de proximit\u00e9 sous la certification bio, le conseil municipal vient de d\u00e9cider d\u2019acqu\u00e9rir un ensemble de trois parcelles limitrophes plant\u00e9es en vigne, appartenant \u00e0 trois propri\u00e9taires diff\u00e9rents, pour une surface de 4,5 ha moyennant le prix de 0,80 \u20ac\/m\u00b2. &hellip; Lire la suite de\u00ab\u00a0Au Loroux-Bottereau, la commune va recruter un agriculteur pour sa ferme bio &#8211; actu.fr\u00a0\u00bb\" \/>\n<meta property=\"og:url\" content=\"https:\/\/lesjardinsduclaray.fr\/?p=100\" \/>\n<meta property=\"og:site_name\" content=\"Les Jardins du Claray\" \/>\n<meta property=\"article:published_time\" content=\"2021-04-05T20:33:21+00:00\" \/>\n<meta property=\"article:modified_time\" content=\"2021-04-05T20:34:04+00:00\" \/>\n<meta property=\"og:image\" content=\"https:\/\/lesjardinsduclaray.fr\/wp-content\/uploads\/2021\/04\/25259-200622121157471-1-960x640-1.jpg\" \/>\n\t<meta property=\"og:image:width\" content=\"960\" \/>\n\t<meta property=\"og:image:height\" content=\"640\" \/>\n\t<meta property=\"og:image:type\" content=\"image\/jpeg\" \/>\n<meta name=\"author\" content=\"admin5833\" \/>\n<meta name=\"twitter:card\" content=\"summary_large_image\" \/>\n<meta name=\"twitter:label1\" content=\"\u00c9crit par\" \/>\n\t<meta name=\"twitter:data1\" content=\"admin5833\" \/>\n\t<meta name=\"twitter:label2\" content=\"Dur\u00e9e de lecture estim\u00e9e\" \/>\n\t<meta name=\"twitter:data2\" content=\"1 minute\" \/>\n<script type=\"application\/ld+json\" class=\"yoast-schema-graph\">{\"@context\":\"https:\/\/schema.org\",\"@graph\":[{\"@type\":\"WebPage\",\"@id\":\"https:\/\/lesjardinsduclaray.fr\/?p=100\",\"url\":\"https:\/\/lesjardinsduclaray.fr\/?p=100\",\"name\":\"Au Loroux-Bottereau, la commune va recruter un agriculteur pour sa ferme bio - actu.fr - Les Jardins du Claray\",\"isPartOf\":{\"@id\":\"https:\/\/lesjardinsduclaray.fr\/#website\"},\"primaryImageOfPage\":{\"@id\":\"https:\/\/lesjardinsduclaray.fr\/?p=100#primaryimage\"},\"image\":{\"@id\":\"https:\/\/lesjardinsduclaray.fr\/?p=100#primaryimage\"},\"thumbnailUrl\":\"https:\/\/lesjardinsduclaray.fr\/wp-content\/uploads\/2021\/04\/25259-200622121157471-1-960x640-1.jpg\",\"datePublished\":\"2021-04-05T20:33:21+00:00\",\"dateModified\":\"2021-04-05T20:34:04+00:00\",\"author\":{\"@id\":\"https:\/\/lesjardinsduclaray.fr\/#\/schema\/person\/929271e38573069efd976b5d1f7d2173\"},\"breadcrumb\":{\"@id\":\"https:\/\/lesjardinsduclaray.fr\/?p=100#breadcrumb\"},\"inLanguage\":\"fr-FR\",\"potentialAction\":[{\"@type\":\"ReadAction\",\"target\":[\"https:\/\/lesjardinsduclaray.fr\/?p=100\"]}]},{\"@type\":\"ImageObject\",\"inLanguage\":\"fr-FR\",\"@id\":\"https:\/\/lesjardinsduclaray.fr\/?p=100#primaryimage\",\"url\":\"https:\/\/lesjardinsduclaray.fr\/wp-content\/uploads\/2021\/04\/25259-200622121157471-1-960x640-1.jpg\",\"contentUrl\":\"https:\/\/lesjardinsduclaray.fr\/wp-content\/uploads\/2021\/04\/25259-200622121157471-1-960x640-1.jpg\",\"width\":960,\"height\":640},{\"@type\":\"BreadcrumbList\",\"@id\":\"https:\/\/lesjardinsduclaray.fr\/?p=100#breadcrumb\",\"itemListElement\":[{\"@type\":\"ListItem\",\"position\":1,\"name\":\"Home\",\"item\":\"https:\/\/lesjardinsduclaray.fr\/\"},{\"@type\":\"ListItem\",\"position\":2,\"name\":\"Au Loroux-Bottereau, la commune va recruter un agriculteur pour sa ferme bio &#8211; actu.fr\"}]},{\"@type\":\"WebSite\",\"@id\":\"https:\/\/lesjardinsduclaray.fr\/#website\",\"url\":\"https:\/\/lesjardinsduclaray.fr\/\",\"name\":\"Les Jardins du Claray\",\"description\":\"Ferme mara\u00eech\u00e8re Bio au Loroux-Bottereau\",\"potentialAction\":[{\"@type\":\"SearchAction\",\"target\":{\"@type\":\"EntryPoint\",\"urlTemplate\":\"https:\/\/lesjardinsduclaray.fr\/?s={search_term_string}\"},\"query-input\":{\"@type\":\"PropertyValueSpecification\",\"valueRequired\":true,\"valueName\":\"search_term_string\"}}],\"inLanguage\":\"fr-FR\"},{\"@type\":\"Person\",\"@id\":\"https:\/\/lesjardinsduclaray.fr\/#\/schema\/person\/929271e38573069efd976b5d1f7d2173\",\"name\":\"admin5833\",\"image\":{\"@type\":\"ImageObject\",\"inLanguage\":\"fr-FR\",\"@id\":\"https:\/\/lesjardinsduclaray.fr\/#\/schema\/person\/image\/\",\"url\":\"https:\/\/secure.gravatar.com\/avatar\/9d46b1ac2e6ab1d1aad7605479ba4ea0574f3b699fef1b4c8882a1d29a515103?s=96&d=mm&r=g\",\"contentUrl\":\"https:\/\/secure.gravatar.com\/avatar\/9d46b1ac2e6ab1d1aad7605479ba4ea0574f3b699fef1b4c8882a1d29a515103?s=96&d=mm&r=g\",\"caption\":\"admin5833\"},\"sameAs\":[\"http:\/\/lesjardinsduclaray.fr\"],\"url\":\"https:\/\/lesjardinsduclaray.fr\/?author=1\"}]}<\/script>\n<!-- \/ Yoast SEO plugin. -->","yoast_head_json":{"title":"Au Loroux-Bottereau, la commune va recruter un agriculteur pour sa ferme bio - actu.fr - Les Jardins du Claray","robots":{"index":"index","follow":"follow","max-snippet":"max-snippet:-1","max-image-preview":"max-image-preview:large","max-video-preview":"max-video-preview:-1"},"canonical":"https:\/\/lesjardinsduclaray.fr\/?p=100","og_locale":"fr_FR","og_type":"article","og_title":"Au Loroux-Bottereau, la commune va recruter un agriculteur pour sa ferme bio - actu.fr - Les Jardins du Claray","og_description":"Trois parcelles de vigne achet\u00e9es. Afin de compl\u00e9ter cette surface destin\u00e9e \u00e0 favoriser une activit\u00e9 l\u00e9gumi\u00e8re de proximit\u00e9 sous la certification bio, le conseil municipal vient de d\u00e9cider d\u2019acqu\u00e9rir un ensemble de trois parcelles limitrophes plant\u00e9es en vigne, appartenant \u00e0 trois propri\u00e9taires diff\u00e9rents, pour une surface de 4,5 ha moyennant le prix de 0,80 \u20ac\/m\u00b2. &hellip; Lire la suite de\u00ab\u00a0Au Loroux-Bottereau, la commune va recruter un agriculteur pour sa ferme bio &#8211; actu.fr\u00a0\u00bb","og_url":"https:\/\/lesjardinsduclaray.fr\/?p=100","og_site_name":"Les Jardins du Claray","article_published_time":"2021-04-05T20:33:21+00:00","article_modified_time":"2021-04-05T20:34:04+00:00","og_image":[{"width":960,"height":640,"url":"https:\/\/lesjardinsduclaray.fr\/wp-content\/uploads\/2021\/04\/25259-200622121157471-1-960x640-1.jpg","type":"image\/jpeg"}],"author":"admin5833","twitter_card":"summary_large_image","twitter_misc":{"\u00c9crit par":"admin5833","Dur\u00e9e de lecture estim\u00e9e":"1 minute"},"schema":{"@context":"https:\/\/schema.org","@graph":[{"@type":"WebPage","@id":"https:\/\/lesjardinsduclaray.fr\/?p=100","url":"https:\/\/lesjardinsduclaray.fr\/?p=100","name":"Au Loroux-Bottereau, la commune va recruter un agriculteur pour sa ferme bio - actu.fr - Les Jardins du Claray","isPartOf":{"@id":"https:\/\/lesjardinsduclaray.fr\/#website"},"primaryImageOfPage":{"@id":"https:\/\/lesjardinsduclaray.fr\/?p=100#primaryimage"},"image":{"@id":"https:\/\/lesjardinsduclaray.fr\/?p=100#primaryimage"},"thumbnailUrl":"https:\/\/lesjardinsduclaray.fr\/wp-content\/uploads\/2021\/04\/25259-200622121157471-1-960x640-1.jpg","datePublished":"2021-04-05T20:33:21+00:00","dateModified":"2021-04-05T20:34:04+00:00","author":{"@id":"https:\/\/lesjardinsduclaray.fr\/#\/schema\/person\/929271e38573069efd976b5d1f7d2173"},"breadcrumb":{"@id":"https:\/\/lesjardinsduclaray.fr\/?p=100#breadcrumb"},"inLanguage":"fr-FR","potentialAction":[{"@type":"ReadAction","target":["https:\/\/lesjardinsduclaray.fr\/?p=100"]}]},{"@type":"ImageObject","inLanguage":"fr-FR","@id":"https:\/\/lesjardinsduclaray.fr\/?p=100#primaryimage","url":"https:\/\/lesjardinsduclaray.fr\/wp-content\/uploads\/2021\/04\/25259-200622121157471-1-960x640-1.jpg","contentUrl":"https:\/\/lesjardinsduclaray.fr\/wp-content\/uploads\/2021\/04\/25259-200622121157471-1-960x640-1.jpg","width":960,"height":640},{"@type":"BreadcrumbList","@id":"https:\/\/lesjardinsduclaray.fr\/?p=100#breadcrumb","itemListElement":[{"@type":"ListItem","position":1,"name":"Home","item":"https:\/\/lesjardinsduclaray.fr\/"},{"@type":"ListItem","position":2,"name":"Au Loroux-Bottereau, la commune va recruter un agriculteur pour sa ferme bio &#8211; actu.fr"}]},{"@type":"WebSite","@id":"https:\/\/lesjardinsduclaray.fr\/#website","url":"https:\/\/lesjardinsduclaray.fr\/","name":"Les Jardins du Claray","description":"Ferme mara\u00eech\u00e8re Bio au Loroux-Bottereau","potentialAction":[{"@type":"SearchAction","target":{"@type":"EntryPoint","urlTemplate":"https:\/\/lesjardinsduclaray.fr\/?s={search_term_string}"},"query-input":{"@type":"PropertyValueSpecification","valueRequired":true,"valueName":"search_term_string"}}],"inLanguage":"fr-FR"},{"@type":"Person","@id":"https:\/\/lesjardinsduclaray.fr\/#\/schema\/person\/929271e38573069efd976b5d1f7d2173","name":"admin5833","image":{"@type":"ImageObject","inLanguage":"fr-FR","@id":"https:\/\/lesjardinsduclaray.fr\/#\/schema\/person\/image\/","url":"https:\/\/secure.gravatar.com\/avatar\/9d46b1ac2e6ab1d1aad7605479ba4ea0574f3b699fef1b4c8882a1d29a515103?s=96&d=mm&r=g","contentUrl":"https:\/\/secure.gravatar.com\/avatar\/9d46b1ac2e6ab1d1aad7605479ba4ea0574f3b699fef1b4c8882a1d29a515103?s=96&d=mm&r=g","caption":"admin5833"},"sameAs":["http:\/\/lesjardinsduclaray.fr"],"url":"https:\/\/lesjardinsduclaray.fr\/?author=1"}]}},"_links":{"self":[{"href":"https:\/\/lesjardinsduclaray.fr\/index.php?rest_route=\/wp\/v2\/posts\/100","targetHints":{"allow":["GET"]}}],"collection":[{"href":"https:\/\/lesjardinsduclaray.fr\/index.php?rest_route=\/wp\/v2\/posts"}],"about":[{"href":"https:\/\/lesjardinsduclaray.fr\/index.php?rest_route=\/wp\/v2\/types\/post"}],"author":[{"embeddable":true,"href":"https:\/\/lesjardinsduclaray.fr\/index.php?rest_route=\/wp\/v2\/users\/1"}],"replies":[{"embeddable":true,"href":"https:\/\/lesjardinsduclaray.fr\/index.php?rest_route=%2Fwp%2Fv2%2Fcomments&post=100"}],"version-history":[{"count":3,"href":"https:\/\/lesjardinsduclaray.fr\/index.php?rest_route=\/wp\/v2\/posts\/100\/revisions"}],"predecessor-version":[{"id":158,"href":"https:\/\/lesjardinsduclaray.fr\/index.php?rest_route=\/wp\/v2\/posts\/100\/revisions\/158"}],"wp:featuredmedia":[{"embeddable":true,"href":"https:\/\/lesjardinsduclaray.fr\/index.php?rest_route=\/wp\/v2\/media\/101"}],"wp:attachment":[{"href":"https:\/\/lesjardinsduclaray.fr\/index.php?rest_route=%2Fwp%2Fv2%2Fmedia&parent=100"}],"wp:term":[{"taxonomy":"category","embeddable":true,"href":"https:\/\/lesjardinsduclaray.fr\/index.php?rest_route=%2Fwp%2Fv2%2Fcategories&post=100"},{"taxonomy":"post_tag","embeddable":true,"href":"https:\/\/lesjardinsduclaray.fr\/index.php?rest_route=%2Fwp%2Fv2%2Ftags&post=100"}],"curies":[{"name":"wp","href":"https:\/\/api.w.org\/{rel}","templated":true}]}}