{"id":1,"date":"2021-04-02T09:22:31","date_gmt":"2021-04-02T07:22:31","guid":{"rendered":"http:\/\/lesjardinsduclaray.fr\/?p=1"},"modified":"2021-04-02T19:27:06","modified_gmt":"2021-04-02T17:27:06","slug":"bonjour-tout-le-monde","status":"publish","type":"post","link":"https:\/\/lesjardinsduclaray.fr\/?p=1","title":{"rendered":"Agriculture : quand les communes se mettent \u00e0 produire bio"},"content":{"rendered":"\n<p>Ils parlent de nous &#8230;<\/p>\n\n\n\n<p>REPORTAGE &#8211; La ville de Loroux-Bottereau, pr\u00e8s de Nantes, a achet\u00e9 une ferme bio et lance un appel \u00e0 candidature pour trouver le futur g\u00e9rant. Objectif : aider un jeune agriculteur \u00e0 d\u00e9marrer et produire local.<\/p>\n\n\n\n<p>A suivre sur : https:\/\/www.rtl.fr\/actu\/debats-societe\/agriculture-quand-les-communes-se-mettent-a-produire-bio-7800609299<\/p>\n\n\n\n<p><\/p>\n","protected":false},"excerpt":{"rendered":"<p>Ils parlent de nous &#8230; REPORTAGE &#8211; La ville de Loroux-Bottereau, pr\u00e8s de Nantes, a achet\u00e9 une ferme bio et lance un appel \u00e0 candidature pour trouver le futur g\u00e9rant. Objectif : aider un jeune agriculteur \u00e0 d\u00e9marrer et produire local. A suivre sur : https:\/\/www.rtl.fr\/actu\/debats-societe\/agriculture-quand-les-communes-se-mettent-a-produire-bio-7800609299<\/p>\n","protected":false},"author":1,"featured_media":71,"comment_status":"open","ping_status":"open","sticky":false,"template":"","format":"standard","meta":{"_themeisle_gutenberg_block_has_review":false,"footnotes":""},"categories":[17],"tags":[],"class_list":["post-1","post","type-post","status-publish","format-standard","has-post-thumbnail","hentry","category-ilsparlentdenous"],"yoast_head":"<!-- This site is optimized with the Yoast SEO plugin v24.9 - https:\/\/yoast.com\/wordpress\/plugins\/seo\/ -->\n<title>Agriculture : quand les communes se mettent \u00e0 produire bio - Les Jardins du Claray<\/title>\n<meta name=\"robots\" content=\"index, follow, max-snippet:-1, max-image-preview:large, max-video-preview:-1\" \/>\n<link rel=\"canonical\" href=\"https:\/\/lesjardinsduclaray.fr\/?p=1\" \/>\n<meta property=\"og:locale\" content=\"fr_FR\" \/>\n<meta property=\"og:type\" content=\"article\" \/>\n<meta property=\"og:title\" content=\"Agriculture : quand les communes se mettent \u00e0 produire bio - Les Jardins du Claray\" \/>\n<meta property=\"og:description\" content=\"Ils parlent de nous &#8230; REPORTAGE &#8211; La ville de Loroux-Bottereau, pr\u00e8s de Nantes, a achet\u00e9 une ferme bio et lance un appel \u00e0 candidature pour trouver le futur g\u00e9rant. Objectif : aider un jeune agriculteur \u00e0 d\u00e9marrer et produire local. A suivre sur : https:\/\/www.rtl.fr\/actu\/debats-societe\/agriculture-quand-les-communes-se-mettent-a-produire-bio-7800609299\" \/>\n<meta property=\"og:url\" content=\"https:\/\/lesjardinsduclaray.fr\/?p=1\" \/>\n<meta property=\"og:site_name\" content=\"Les Jardins du Claray\" \/>\n<meta property=\"article:published_time\" content=\"2021-04-02T07:22:31+00:00\" \/>\n<meta property=\"article:modified_time\" content=\"2021-04-02T17:27:06+00:00\" \/>\n<meta property=\"og:image\" content=\"https:\/\/lesjardinsduclaray.fr\/wp-content\/uploads\/2021\/04\/1195893-la-ferme-du-claray-achetee-par-la-ville-du-loroux-bottereau-pour-son-marche-local-et-la-cantine-scolaire.jpg\" \/>\n\t<meta property=\"og:image:width\" content=\"640\" \/>\n\t<meta property=\"og:image:height\" content=\"427\" \/>\n\t<meta property=\"og:image:type\" content=\"image\/jpeg\" \/>\n<meta name=\"author\" content=\"admin5833\" \/>\n<meta name=\"twitter:card\" content=\"summary_large_image\" \/>\n<meta name=\"twitter:label1\" content=\"\u00c9crit par\" \/>\n\t<meta name=\"twitter:data1\" content=\"admin5833\" \/>\n<script type=\"application\/ld+json\" class=\"yoast-schema-graph\">{\"@context\":\"https:\/\/schema.org\",\"@graph\":[{\"@type\":\"WebPage\",\"@id\":\"https:\/\/lesjardinsduclaray.fr\/?p=1\",\"url\":\"https:\/\/lesjardinsduclaray.fr\/?p=1\",\"name\":\"Agriculture : quand les communes se mettent \u00e0 produire bio - Les Jardins du Claray\",\"isPartOf\":{\"@id\":\"https:\/\/lesjardinsduclaray.fr\/#website\"},\"primaryImageOfPage\":{\"@id\":\"https:\/\/lesjardinsduclaray.fr\/?p=1#primaryimage\"},\"image\":{\"@id\":\"https:\/\/lesjardinsduclaray.fr\/?p=1#primaryimage\"},\"thumbnailUrl\":\"https:\/\/lesjardinsduclaray.fr\/wp-content\/uploads\/2021\/04\/1195893-la-ferme-du-claray-achetee-par-la-ville-du-loroux-bottereau-pour-son-marche-local-et-la-cantine-scolaire.jpg\",\"datePublished\":\"2021-04-02T07:22:31+00:00\",\"dateModified\":\"2021-04-02T17:27:06+00:00\",\"author\":{\"@id\":\"https:\/\/lesjardinsduclaray.fr\/#\/schema\/person\/929271e38573069efd976b5d1f7d2173\"},\"breadcrumb\":{\"@id\":\"https:\/\/lesjardinsduclaray.fr\/?p=1#breadcrumb\"},\"inLanguage\":\"fr-FR\",\"potentialAction\":[{\"@type\":\"ReadAction\",\"target\":[\"https:\/\/lesjardinsduclaray.fr\/?p=1\"]}]},{\"@type\":\"ImageObject\",\"inLanguage\":\"fr-FR\",\"@id\":\"https:\/\/lesjardinsduclaray.fr\/?p=1#primaryimage\",\"url\":\"https:\/\/lesjardinsduclaray.fr\/wp-content\/uploads\/2021\/04\/1195893-la-ferme-du-claray-achetee-par-la-ville-du-loroux-bottereau-pour-son-marche-local-et-la-cantine-scolaire.jpg\",\"contentUrl\":\"https:\/\/lesjardinsduclaray.fr\/wp-content\/uploads\/2021\/04\/1195893-la-ferme-du-claray-achetee-par-la-ville-du-loroux-bottereau-pour-son-marche-local-et-la-cantine-scolaire.jpg\",\"width\":640,\"height\":427},{\"@type\":\"BreadcrumbList\",\"@id\":\"https:\/\/lesjardinsduclaray.fr\/?p=1#breadcrumb\",\"itemListElement\":[{\"@type\":\"ListItem\",\"position\":1,\"name\":\"Home\",\"item\":\"https:\/\/lesjardinsduclaray.fr\/\"},{\"@type\":\"ListItem\",\"position\":2,\"name\":\"Agriculture : quand les communes se mettent \u00e0 produire bio\"}]},{\"@type\":\"WebSite\",\"@id\":\"https:\/\/lesjardinsduclaray.fr\/#website\",\"url\":\"https:\/\/lesjardinsduclaray.fr\/\",\"name\":\"Les Jardins du Claray\",\"description\":\"Ferme mara\u00eech\u00e8re Bio au Loroux-Bottereau\",\"potentialAction\":[{\"@type\":\"SearchAction\",\"target\":{\"@type\":\"EntryPoint\",\"urlTemplate\":\"https:\/\/lesjardinsduclaray.fr\/?s={search_term_string}\"},\"query-input\":{\"@type\":\"PropertyValueSpecification\",\"valueRequired\":true,\"valueName\":\"search_term_string\"}}],\"inLanguage\":\"fr-FR\"},{\"@type\":\"Person\",\"@id\":\"https:\/\/lesjardinsduclaray.fr\/#\/schema\/person\/929271e38573069efd976b5d1f7d2173\",\"name\":\"admin5833\",\"image\":{\"@type\":\"ImageObject\",\"inLanguage\":\"fr-FR\",\"@id\":\"https:\/\/lesjardinsduclaray.fr\/#\/schema\/person\/image\/\",\"url\":\"https:\/\/secure.gravatar.com\/avatar\/9d46b1ac2e6ab1d1aad7605479ba4ea0574f3b699fef1b4c8882a1d29a515103?s=96&d=mm&r=g\",\"contentUrl\":\"https:\/\/secure.gravatar.com\/avatar\/9d46b1ac2e6ab1d1aad7605479ba4ea0574f3b699fef1b4c8882a1d29a515103?s=96&d=mm&r=g\",\"caption\":\"admin5833\"},\"sameAs\":[\"http:\/\/lesjardinsduclaray.fr\"],\"url\":\"https:\/\/lesjardinsduclaray.fr\/?author=1\"}]}<\/script>\n<!-- \/ Yoast SEO plugin. -->","yoast_head_json":{"title":"Agriculture : quand les communes se mettent \u00e0 produire bio - Les Jardins du Claray","robots":{"index":"index","follow":"follow","max-snippet":"max-snippet:-1","max-image-preview":"max-image-preview:large","max-video-preview":"max-video-preview:-1"},"canonical":"https:\/\/lesjardinsduclaray.fr\/?p=1","og_locale":"fr_FR","og_type":"article","og_title":"Agriculture : quand les communes se mettent \u00e0 produire bio - Les Jardins du Claray","og_description":"Ils parlent de nous &#8230; REPORTAGE &#8211; La ville de Loroux-Bottereau, pr\u00e8s de Nantes, a achet\u00e9 une ferme bio et lance un appel \u00e0 candidature pour trouver le futur g\u00e9rant. Objectif : aider un jeune agriculteur \u00e0 d\u00e9marrer et produire local. A suivre sur : https:\/\/www.rtl.fr\/actu\/debats-societe\/agriculture-quand-les-communes-se-mettent-a-produire-bio-7800609299","og_url":"https:\/\/lesjardinsduclaray.fr\/?p=1","og_site_name":"Les Jardins du Claray","article_published_time":"2021-04-02T07:22:31+00:00","article_modified_time":"2021-04-02T17:27:06+00:00","og_image":[{"width":640,"height":427,"url":"https:\/\/lesjardinsduclaray.fr\/wp-content\/uploads\/2021\/04\/1195893-la-ferme-du-claray-achetee-par-la-ville-du-loroux-bottereau-pour-son-marche-local-et-la-cantine-scolaire.jpg","type":"image\/jpeg"}],"author":"admin5833","twitter_card":"summary_large_image","twitter_misc":{"\u00c9crit par":"admin5833"},"schema":{"@context":"https:\/\/schema.org","@graph":[{"@type":"WebPage","@id":"https:\/\/lesjardinsduclaray.fr\/?p=1","url":"https:\/\/lesjardinsduclaray.fr\/?p=1","name":"Agriculture : quand les communes se mettent \u00e0 produire bio - Les Jardins du Claray","isPartOf":{"@id":"https:\/\/lesjardinsduclaray.fr\/#website"},"primaryImageOfPage":{"@id":"https:\/\/lesjardinsduclaray.fr\/?p=1#primaryimage"},"image":{"@id":"https:\/\/lesjardinsduclaray.fr\/?p=1#primaryimage"},"thumbnailUrl":"https:\/\/lesjardinsduclaray.fr\/wp-content\/uploads\/2021\/04\/1195893-la-ferme-du-claray-achetee-par-la-ville-du-loroux-bottereau-pour-son-marche-local-et-la-cantine-scolaire.jpg","datePublished":"2021-04-02T07:22:31+00:00","dateModified":"2021-04-02T17:27:06+00:00","author":{"@id":"https:\/\/lesjardinsduclaray.fr\/#\/schema\/person\/929271e38573069efd976b5d1f7d2173"},"breadcrumb":{"@id":"https:\/\/lesjardinsduclaray.fr\/?p=1#breadcrumb"},"inLanguage":"fr-FR","potentialAction":[{"@type":"ReadAction","target":["https:\/\/lesjardinsduclaray.fr\/?p=1"]}]},{"@type":"ImageObject","inLanguage":"fr-FR","@id":"https:\/\/lesjardinsduclaray.fr\/?p=1#primaryimage","url":"https:\/\/lesjardinsduclaray.fr\/wp-content\/uploads\/2021\/04\/1195893-la-ferme-du-claray-achetee-par-la-ville-du-loroux-bottereau-pour-son-marche-local-et-la-cantine-scolaire.jpg","contentUrl":"https:\/\/lesjardinsduclaray.fr\/wp-content\/uploads\/2021\/04\/1195893-la-ferme-du-claray-achetee-par-la-ville-du-loroux-bottereau-pour-son-marche-local-et-la-cantine-scolaire.jpg","width":640,"height":427},{"@type":"BreadcrumbList","@id":"https:\/\/lesjardinsduclaray.fr\/?p=1#breadcrumb","itemListElement":[{"@type":"ListItem","position":1,"name":"Home","item":"https:\/\/lesjardinsduclaray.fr\/"},{"@type":"ListItem","position":2,"name":"Agriculture : quand les communes se mettent \u00e0 produire bio"}]},{"@type":"WebSite","@id":"https:\/\/lesjardinsduclaray.fr\/#website","url":"https:\/\/lesjardinsduclaray.fr\/","name":"Les Jardins du Claray","description":"Ferme mara\u00eech\u00e8re Bio au Loroux-Bottereau","potentialAction":[{"@type":"SearchAction","target":{"@type":"EntryPoint","urlTemplate":"https:\/\/lesjardinsduclaray.fr\/?s={search_term_string}"},"query-input":{"@type":"PropertyValueSpecification","valueRequired":true,"valueName":"search_term_string"}}],"inLanguage":"fr-FR"},{"@type":"Person","@id":"https:\/\/lesjardinsduclaray.fr\/#\/schema\/person\/929271e38573069efd976b5d1f7d2173","name":"admin5833","image":{"@type":"ImageObject","inLanguage":"fr-FR","@id":"https:\/\/lesjardinsduclaray.fr\/#\/schema\/person\/image\/","url":"https:\/\/secure.gravatar.com\/avatar\/9d46b1ac2e6ab1d1aad7605479ba4ea0574f3b699fef1b4c8882a1d29a515103?s=96&d=mm&r=g","contentUrl":"https:\/\/secure.gravatar.com\/avatar\/9d46b1ac2e6ab1d1aad7605479ba4ea0574f3b699fef1b4c8882a1d29a515103?s=96&d=mm&r=g","caption":"admin5833"},"sameAs":["http:\/\/lesjardinsduclaray.fr"],"url":"https:\/\/lesjardinsduclaray.fr\/?author=1"}]}},"_links":{"self":[{"href":"https:\/\/lesjardinsduclaray.fr\/index.php?rest_route=\/wp\/v2\/posts\/1","targetHints":{"allow":["GET"]}}],"collection":[{"href":"https:\/\/lesjardinsduclaray.fr\/index.php?rest_route=\/wp\/v2\/posts"}],"about":[{"href":"https:\/\/lesjardinsduclaray.fr\/index.php?rest_route=\/wp\/v2\/types\/post"}],"author":[{"embeddable":true,"href":"https:\/\/lesjardinsduclaray.fr\/index.php?rest_route=\/wp\/v2\/users\/1"}],"replies":[{"embeddable":true,"href":"https:\/\/lesjardinsduclaray.fr\/index.php?rest_route=%2Fwp%2Fv2%2Fcomments&post=1"}],"version-history":[{"count":1,"href":"https:\/\/lesjardinsduclaray.fr\/index.php?rest_route=\/wp\/v2\/posts\/1\/revisions"}],"predecessor-version":[{"id":72,"href":"https:\/\/lesjardinsduclaray.fr\/index.php?rest_route=\/wp\/v2\/posts\/1\/revisions\/72"}],"wp:featuredmedia":[{"embeddable":true,"href":"https:\/\/lesjardinsduclaray.fr\/index.php?rest_route=\/wp\/v2\/media\/71"}],"wp:attachment":[{"href":"https:\/\/lesjardinsduclaray.fr\/index.php?rest_route=%2Fwp%2Fv2%2Fmedia&parent=1"}],"wp:term":[{"taxonomy":"category","embeddable":true,"href":"https:\/\/lesjardinsduclaray.fr\/index.php?rest_route=%2Fwp%2Fv2%2Fcategories&post=1"},{"taxonomy":"post_tag","embeddable":true,"href":"https:\/\/lesjardinsduclaray.fr\/index.php?rest_route=%2Fwp%2Fv2%2Ftags&post=1"}],"curies":[{"name":"wp","href":"https:\/\/api.w.org\/{rel}","templated":true}]}}